{"id":701,"date":"2023-10-30T13:37:32","date_gmt":"2023-10-30T11:37:32","guid":{"rendered":"https:\/\/matkaliit.ee\/?p=701"},"modified":"2023-10-30T13:37:32","modified_gmt":"2023-10-30T11:37:32","slug":"aasta-matkategijad-2023-on","status":"publish","type":"post","link":"https:\/\/www.matkaliit.ee\/en\/aasta-matkategijad-2023-on\/","title":{"rendered":"Aasta matkategijad 2023 on &#8230;"},"content":{"rendered":"<p>28. ja 29. oktoobril peeti Ida-Virumaal Kivi\u00f5li Seikluskeskuses \u00e4ra j\u00e4rjekordne Eesti matkajate kokkutulek ja kuulutati v\u00e4lja Aasta tegijad matkamaastikul.<\/p>\n<p>Aasta 2023 matkategijad on<\/p>\n<p><strong>Aasta matkaja 2023 LIISI PREEDIN<\/strong><\/p>\n<p>Lisaks muule inspireerivale, mida Liisi teeb Eestis, matkas ta jalgsi Uus-Meremaa p\u00f5hjasaare tipust l\u00f5unasaare tippu, Te Araroa matkarada, 3200 kilomeetrit. T\u00f5usumeetreid kogunes \u00fcle 80 000 ehk \u00fcheksa Everesti jagu, mist\u00f5ttu matkafanaatikute seas v\u00f5rreldaksegi seda katsumust maailma k\u00f5rgeima m\u00e4etipu vallutamisega. 138 p\u00e4eva.<\/p>\n<p><img fetchpriority=\"high\" decoding=\"async\" class=\"wp-image-704 aligncenter\" src=\"https:\/\/matkaliit.ee\/wp-content\/uploads\/2023\/10\/70F5C227-6C66-4D8E-992F-539680FE5B61-1024x681.jpeg\" alt=\"\" width=\"500\" height=\"332\" srcset=\"https:\/\/www.matkaliit.ee\/wp-content\/uploads\/2023\/10\/70F5C227-6C66-4D8E-992F-539680FE5B61-1024x681.jpeg 1024w, https:\/\/www.matkaliit.ee\/wp-content\/uploads\/2023\/10\/70F5C227-6C66-4D8E-992F-539680FE5B61-300x199.jpeg 300w, https:\/\/www.matkaliit.ee\/wp-content\/uploads\/2023\/10\/70F5C227-6C66-4D8E-992F-539680FE5B61-768x511.jpeg 768w, https:\/\/www.matkaliit.ee\/wp-content\/uploads\/2023\/10\/70F5C227-6C66-4D8E-992F-539680FE5B61-18x12.jpeg 18w, https:\/\/www.matkaliit.ee\/wp-content\/uploads\/2023\/10\/70F5C227-6C66-4D8E-992F-539680FE5B61.jpeg 1131w\" sizes=\"(max-width: 500px) 100vw, 500px\" \/><\/p>\n<p><strong>Aasta m\u00e4gironija MARIE SAAME<\/strong><\/p>\n<p>Marie Saame t\u00f5usis 27. septembril Nepaalis Manaslu ( 8163 m) tippu ilma lisahapniku ja \u0161erpa toetuseta. Suvel Karakorumis tegi tugeva katse K2\u2019le, kuid loobus tiput\u00f5usust, et aidata k\u00fclmakahjustustega pakistani m\u00e4gironijat. Tegi hooaja l\u00f5pus K2\u2019le uue soolokatse, viibides 5 p\u00e4eva \u00fcksinda m\u00e4e peal, kuid oli sunnitud tagasi p\u00f6\u00f6rduma 7700 m peal halva ilma ja raskete lumeolude t\u00f5ttu. Marie on esimene ja ainuke eestlane, kes on t\u00f5usnud kolme \u00fcle 8-tuhande meetrise m\u00e4e tippu, k\u00f5ik tipud on saavutatud ilma lisahapniku ja k\u00f5rgkandja abita.<\/p>\n<p><img decoding=\"async\" class=\"wp-image-703 aligncenter\" src=\"https:\/\/matkaliit.ee\/wp-content\/uploads\/2023\/10\/0B8252C9-5782-4CCD-8CE3-20726D949197-1024x681.jpeg\" alt=\"\" width=\"500\" height=\"332\" srcset=\"https:\/\/www.matkaliit.ee\/wp-content\/uploads\/2023\/10\/0B8252C9-5782-4CCD-8CE3-20726D949197-1024x681.jpeg 1024w, https:\/\/www.matkaliit.ee\/wp-content\/uploads\/2023\/10\/0B8252C9-5782-4CCD-8CE3-20726D949197-300x199.jpeg 300w, https:\/\/www.matkaliit.ee\/wp-content\/uploads\/2023\/10\/0B8252C9-5782-4CCD-8CE3-20726D949197-768x511.jpeg 768w, https:\/\/www.matkaliit.ee\/wp-content\/uploads\/2023\/10\/0B8252C9-5782-4CCD-8CE3-20726D949197-18x12.jpeg 18w, https:\/\/www.matkaliit.ee\/wp-content\/uploads\/2023\/10\/0B8252C9-5782-4CCD-8CE3-20726D949197.jpeg 1131w\" sizes=\"(max-width: 500px) 100vw, 500px\" \/><\/p>\n<p><strong>Aasta matk 2023 YUKON 1000 MIILI<\/strong><\/p>\n<p>Linda Tetsmann ja Anette Baum aerutasid l\u00e4bi Kanada\/Alaska metsiku looduse 1600 km ja saavutasid esimese naispaatkonnana Yukon 1000 v\u00f5istluse ajaloos \u00fcldv\u00f5idu. See oli \u00fclim v\u00e4ljakutse nii f\u00fc\u00fcsisele kui vaimule \u2013 iga \u00f6\u00f6p\u00e4eva jooksul v\u00f5is 18 tundi aerutada ja 6 tundi pidi kaldal veetma, millest 3 tundi \u00f5nnestus vaevu magada. Magamiseks tuli p\u00fcstitada telk juhuslikku kohta metsiku looduse keskel, kus karusid elab sadu kordi rohkem kui inimesi. Igasugune kontakt v\u00e4lismaailmaga oleks t\u00e4hendanud v\u00f5istluselt k\u00f5rvaldamist.<\/p>\n<p>HUUM SAUNA Kayak Team purustas \u00fclekaalukalt ka naiste kahes\u00fcsta varasema rajarekordi, \u00fcletades eelmise rekordi 1 p\u00e4eva ja \u00fche tunniga. \u00dcldv\u00f5it toodi Eestisse 6 p\u00e4eva 9 tundi ja 12 minutiga.<\/p>\n<p><img decoding=\"async\" class=\"wp-image-706 aligncenter\" src=\"https:\/\/matkaliit.ee\/wp-content\/uploads\/2023\/10\/DSC08872-1024x681.jpg\" alt=\"\" width=\"500\" height=\"332\" srcset=\"https:\/\/www.matkaliit.ee\/wp-content\/uploads\/2023\/10\/DSC08872-1024x681.jpg 1024w, https:\/\/www.matkaliit.ee\/wp-content\/uploads\/2023\/10\/DSC08872-300x199.jpg 300w, https:\/\/www.matkaliit.ee\/wp-content\/uploads\/2023\/10\/DSC08872-768x511.jpg 768w, https:\/\/www.matkaliit.ee\/wp-content\/uploads\/2023\/10\/DSC08872-1536x1021.jpg 1536w, https:\/\/www.matkaliit.ee\/wp-content\/uploads\/2023\/10\/DSC08872-2048x1362.jpg 2048w, https:\/\/www.matkaliit.ee\/wp-content\/uploads\/2023\/10\/DSC08872-18x12.jpg 18w\" sizes=\"(max-width: 500px) 100vw, 500px\" \/><\/p>\n<p><strong>Aasta matkategelane 2023 ERLE T\u00dc\u00dcR<\/strong><\/p>\n<p>Erle T\u00fc\u00fcr on Luua Metsanduskoolis pikki aastaid juhtinud matkajuhtide 4. taseme \u00f5pimoodulit. Tema k\u00e4e alt on tulnud Eesti matkamaastikule v\u00e4ga palju eriilmelisi matkajuhte aastate kaupa.Ta on s\u00e4rav, uuendusmeelne ja k\u00f5ikide \u00f5pilaste poolt k\u00f5rgelt hinnatud p\u00fchendunud \u00f5petaja, kelle s\u00fcdameasi on matkatarkuste vahendamine ja jagamine Eestimaa loodusest. Ta hoolib igast oma \u00f5pilasest ning panustab igap\u00e4evaselt tulevaste matkajuhtide arengusse.<\/p>\n<p><img loading=\"lazy\" decoding=\"async\" class=\"wp-image-705 aligncenter\" src=\"https:\/\/matkaliit.ee\/wp-content\/uploads\/2023\/10\/DSC08874-1024x750.jpg\" alt=\"\" width=\"500\" height=\"366\" srcset=\"https:\/\/www.matkaliit.ee\/wp-content\/uploads\/2023\/10\/DSC08874-1024x750.jpg 1024w, https:\/\/www.matkaliit.ee\/wp-content\/uploads\/2023\/10\/DSC08874-300x220.jpg 300w, https:\/\/www.matkaliit.ee\/wp-content\/uploads\/2023\/10\/DSC08874-768x562.jpg 768w, https:\/\/www.matkaliit.ee\/wp-content\/uploads\/2023\/10\/DSC08874-1536x1124.jpg 1536w, https:\/\/www.matkaliit.ee\/wp-content\/uploads\/2023\/10\/DSC08874-2048x1499.jpg 2048w, https:\/\/www.matkaliit.ee\/wp-content\/uploads\/2023\/10\/DSC08874-16x12.jpg 16w\" sizes=\"(max-width: 500px) 100vw, 500px\" \/><\/p>\n<p><strong>Aasta matkaorganisatsioon 2023 ELAMUS PLUSS O\u00dc<\/strong><\/p>\n<p>Korraldab Eesti ainsat alpinismitrenni, tuues iga aasta nii trenni kui reiside abil matkajate-alpinistide hulka j\u00e4rjest uusi inimesi. Elamus Plussi osanikud on osalenud alpinismi Eesti meistriv\u00f5istlustel (ning tulnud selles medalikohtadele), olnud nomineeritud Matkaliidu aasta tegijate hulgas ning aitavad aktiivselt kaasa Matkaliidu arengule.<\/p>\n<p><img loading=\"lazy\" decoding=\"async\" class=\"wp-image-702 aligncenter\" src=\"https:\/\/matkaliit.ee\/wp-content\/uploads\/2023\/10\/2CB7C9A9-189F-4AE9-8245-859FDB7BA23F-1024x681.jpeg\" alt=\"\" width=\"500\" height=\"332\" srcset=\"https:\/\/www.matkaliit.ee\/wp-content\/uploads\/2023\/10\/2CB7C9A9-189F-4AE9-8245-859FDB7BA23F-1024x681.jpeg 1024w, https:\/\/www.matkaliit.ee\/wp-content\/uploads\/2023\/10\/2CB7C9A9-189F-4AE9-8245-859FDB7BA23F-300x199.jpeg 300w, https:\/\/www.matkaliit.ee\/wp-content\/uploads\/2023\/10\/2CB7C9A9-189F-4AE9-8245-859FDB7BA23F-768x511.jpeg 768w, https:\/\/www.matkaliit.ee\/wp-content\/uploads\/2023\/10\/2CB7C9A9-189F-4AE9-8245-859FDB7BA23F-18x12.jpeg 18w, https:\/\/www.matkaliit.ee\/wp-content\/uploads\/2023\/10\/2CB7C9A9-189F-4AE9-8245-859FDB7BA23F.jpeg 1131w\" sizes=\"(max-width: 500px) 100vw, 500px\" \/><\/p>\n<p>Lisaks auhindade jagamisele sai kokkutulekul kuulda 14 huvitavad ja inspireerivat ettekannet, sai ronida seikluspargis ja matkata aherainem\u00e4gedel, k\u00e4ia mitmes saunas ja tantsida. Teisel p\u00e4eval tutvustati Eesti Matkaliidu arendatud uut matkade broneerimiskeskust.<\/p>\n<p>Eesti Matkaliit t\u00e4nab k\u00f5iki esinejaid, p\u00e4evajuht Hardi Raiendit, toetajat Matkasporti, meid majutanud Tuham\u00e4e Hostelit ja vastu v\u00f5tnud Kivi\u00f5li Seikluskeskust.<\/p>","protected":false},"excerpt":{"rendered":"<p>28. ja 29. oktoobril peeti Ida-Virumaal Kivi\u00f5li Seikluskeskuses \u00e4ra j\u00e4rjekordne Eesti matkajate kokkutulek ja kuulutati v\u00e4lja Aasta tegijad matkamaastikul. Aasta 2023 matkategijad on Aasta matkaja 2023 LIISI PREEDIN Lisaks muule inspireerivale, mida Liisi teeb Eestis, matkas ta jalgsi Uus-Meremaa p\u00f5hjasaare tipust l\u00f5unasaare tippu, Te Araroa matkarada, 3200 kilomeetrit. T\u00f5usumeetreid kogunes \u00fcle 80 000 ehk \u00fcheksa<\/p>\n<div class='read-more-button'><a class='read-more-link' href='https:\/\/www.matkaliit.ee\/en\/aasta-matkategijad-2023-on\/' style='border: 1px solid #3f83bf'>Read more&#8230;<\/a><\/div>","protected":false},"author":1,"featured_media":707,"comment_status":"open","ping_status":"open","sticky":false,"template":"","format":"standard","meta":{"footnotes":""},"categories":[19,17],"tags":[],"class_list":["post-701","post","type-post","status-publish","format-standard","has-post-thumbnail","hentry","category-aasta-matkategijad","category-eesti-matkajate-kokkutulek"],"yoast_head":"<!-- This site is optimized with the Yoast SEO plugin v27.5 - https:\/\/yoast.com\/product\/yoast-seo-wordpress\/ -->\n<title>Aasta matkategijad 2023 on ... - Eesti Matkaliit<\/title>\n<meta name=\"robots\" content=\"index, follow, max-snippet:-1, max-image-preview:large, max-video-preview:-1\" \/>\n<link rel=\"canonical\" href=\"https:\/\/www.matkaliit.ee\/en\/aasta-matkategijad-2023-on\/\" \/>\n<meta property=\"og:locale\" content=\"en_GB\" \/>\n<meta property=\"og:type\" content=\"article\" \/>\n<meta property=\"og:title\" content=\"Aasta matkategijad 2023 on ... - Eesti Matkaliit\" \/>\n<meta property=\"og:description\" content=\"28. ja 29. oktoobril peeti Ida-Virumaal Kivi\u00f5li Seikluskeskuses \u00e4ra j\u00e4rjekordne Eesti matkajate kokkutulek ja kuulutati v\u00e4lja Aasta tegijad matkamaastikul. Aasta 2023 matkategijad on Aasta matkaja 2023 LIISI PREEDIN Lisaks muule inspireerivale, mida Liisi teeb Eestis, matkas ta jalgsi Uus-Meremaa p\u00f5hjasaare tipust l\u00f5unasaare tippu, Te Araroa matkarada, 3200 kilomeetrit. T\u00f5usumeetreid kogunes \u00fcle 80 000 ehk \u00fcheksaRead more...\" \/>\n<meta property=\"og:url\" content=\"https:\/\/www.matkaliit.ee\/en\/aasta-matkategijad-2023-on\/\" \/>\n<meta property=\"og:site_name\" content=\"Eesti Matkaliit\" \/>\n<meta property=\"article:published_time\" content=\"2023-10-30T11:37:32+00:00\" \/>\n<meta property=\"og:image\" content=\"https:\/\/www.matkaliit.ee\/wp-content\/uploads\/2023\/10\/Aasta-matkategija-2023.png\" \/>\n\t<meta property=\"og:image:width\" content=\"940\" \/>\n\t<meta property=\"og:image:height\" content=\"788\" \/>\n\t<meta property=\"og:image:type\" content=\"image\/png\" \/>\n<meta name=\"author\" content=\"Pille\" \/>\n<meta name=\"twitter:card\" content=\"summary_large_image\" \/>\n<meta name=\"twitter:label1\" content=\"Written by\" \/>\n\t<meta name=\"twitter:data1\" content=\"Pille\" \/>\n\t<meta name=\"twitter:label2\" content=\"Estimated reading time\" \/>\n\t<meta name=\"twitter:data2\" content=\"4 minutes\" \/>\n<script type=\"application\/ld+json\" class=\"yoast-schema-graph\">{\"@context\":\"https:\\\/\\\/schema.org\",\"@graph\":[{\"@type\":\"Article\",\"@id\":\"https:\\\/\\\/www.matkaliit.ee\\\/en\\\/aasta-matkategijad-2023-on\\\/#article\",\"isPartOf\":{\"@id\":\"https:\\\/\\\/www.matkaliit.ee\\\/en\\\/aasta-matkategijad-2023-on\\\/\"},\"author\":{\"name\":\"Pille\",\"@id\":\"https:\\\/\\\/www.matkaliit.ee\\\/#\\\/schema\\\/person\\\/ec3e132f4cc6cb73948866e45a49d00c\"},\"headline\":\"Aasta matkategijad 2023 on &#8230;\",\"datePublished\":\"2023-10-30T11:37:32+00:00\",\"mainEntityOfPage\":{\"@id\":\"https:\\\/\\\/www.matkaliit.ee\\\/en\\\/aasta-matkategijad-2023-on\\\/\"},\"wordCount\":459,\"commentCount\":0,\"publisher\":{\"@id\":\"https:\\\/\\\/www.matkaliit.ee\\\/#organization\"},\"image\":{\"@id\":\"https:\\\/\\\/www.matkaliit.ee\\\/en\\\/aasta-matkategijad-2023-on\\\/#primaryimage\"},\"thumbnailUrl\":\"https:\\\/\\\/www.matkaliit.ee\\\/wp-content\\\/uploads\\\/2023\\\/10\\\/Aasta-matkategija-2023.png\",\"articleSection\":[\"Aasta matkategijad\",\"Eesti matkajate kokkutulek\"],\"inLanguage\":\"en-GB\",\"potentialAction\":[{\"@type\":\"CommentAction\",\"name\":\"Comment\",\"target\":[\"https:\\\/\\\/www.matkaliit.ee\\\/en\\\/aasta-matkategijad-2023-on\\\/#respond\"]}]},{\"@type\":\"WebPage\",\"@id\":\"https:\\\/\\\/www.matkaliit.ee\\\/en\\\/aasta-matkategijad-2023-on\\\/\",\"url\":\"https:\\\/\\\/www.matkaliit.ee\\\/en\\\/aasta-matkategijad-2023-on\\\/\",\"name\":\"Aasta matkategijad 2023 on ... - Eesti Matkaliit\",\"isPartOf\":{\"@id\":\"https:\\\/\\\/www.matkaliit.ee\\\/#website\"},\"primaryImageOfPage\":{\"@id\":\"https:\\\/\\\/www.matkaliit.ee\\\/en\\\/aasta-matkategijad-2023-on\\\/#primaryimage\"},\"image\":{\"@id\":\"https:\\\/\\\/www.matkaliit.ee\\\/en\\\/aasta-matkategijad-2023-on\\\/#primaryimage\"},\"thumbnailUrl\":\"https:\\\/\\\/www.matkaliit.ee\\\/wp-content\\\/uploads\\\/2023\\\/10\\\/Aasta-matkategija-2023.png\",\"datePublished\":\"2023-10-30T11:37:32+00:00\",\"breadcrumb\":{\"@id\":\"https:\\\/\\\/www.matkaliit.ee\\\/en\\\/aasta-matkategijad-2023-on\\\/#breadcrumb\"},\"inLanguage\":\"en-GB\",\"potentialAction\":[{\"@type\":\"ReadAction\",\"target\":[\"https:\\\/\\\/www.matkaliit.ee\\\/en\\\/aasta-matkategijad-2023-on\\\/\"]}]},{\"@type\":\"ImageObject\",\"inLanguage\":\"en-GB\",\"@id\":\"https:\\\/\\\/www.matkaliit.ee\\\/en\\\/aasta-matkategijad-2023-on\\\/#primaryimage\",\"url\":\"https:\\\/\\\/www.matkaliit.ee\\\/wp-content\\\/uploads\\\/2023\\\/10\\\/Aasta-matkategija-2023.png\",\"contentUrl\":\"https:\\\/\\\/www.matkaliit.ee\\\/wp-content\\\/uploads\\\/2023\\\/10\\\/Aasta-matkategija-2023.png\",\"width\":940,\"height\":788},{\"@type\":\"BreadcrumbList\",\"@id\":\"https:\\\/\\\/www.matkaliit.ee\\\/en\\\/aasta-matkategijad-2023-on\\\/#breadcrumb\",\"itemListElement\":[{\"@type\":\"ListItem\",\"position\":1,\"name\":\"Home\",\"item\":\"https:\\\/\\\/www.matkaliit.ee\\\/\"},{\"@type\":\"ListItem\",\"position\":2,\"name\":\"Aasta matkategijad 2023 on &#8230;\"}]},{\"@type\":\"WebSite\",\"@id\":\"https:\\\/\\\/www.matkaliit.ee\\\/#website\",\"url\":\"https:\\\/\\\/www.matkaliit.ee\\\/\",\"name\":\"Eesti Matkaliit\",\"description\":\"\",\"publisher\":{\"@id\":\"https:\\\/\\\/www.matkaliit.ee\\\/#organization\"},\"potentialAction\":[{\"@type\":\"SearchAction\",\"target\":{\"@type\":\"EntryPoint\",\"urlTemplate\":\"https:\\\/\\\/www.matkaliit.ee\\\/?s={search_term_string}\"},\"query-input\":{\"@type\":\"PropertyValueSpecification\",\"valueRequired\":true,\"valueName\":\"search_term_string\"}}],\"inLanguage\":\"en-GB\"},{\"@type\":\"Organization\",\"@id\":\"https:\\\/\\\/www.matkaliit.ee\\\/#organization\",\"name\":\"Eesti Matkaliit\",\"url\":\"https:\\\/\\\/www.matkaliit.ee\\\/\",\"logo\":{\"@type\":\"ImageObject\",\"inLanguage\":\"en-GB\",\"@id\":\"https:\\\/\\\/www.matkaliit.ee\\\/#\\\/schema\\\/logo\\\/image\\\/\",\"url\":\"https:\\\/\\\/www.matkaliit.ee\\\/wp-content\\\/uploads\\\/2021\\\/04\\\/logo-koodulehele-1.jpg\",\"contentUrl\":\"https:\\\/\\\/www.matkaliit.ee\\\/wp-content\\\/uploads\\\/2021\\\/04\\\/logo-koodulehele-1.jpg\",\"width\":150,\"height\":137,\"caption\":\"Eesti Matkaliit\"},\"image\":{\"@id\":\"https:\\\/\\\/www.matkaliit.ee\\\/#\\\/schema\\\/logo\\\/image\\\/\"}},{\"@type\":\"Person\",\"@id\":\"https:\\\/\\\/www.matkaliit.ee\\\/#\\\/schema\\\/person\\\/ec3e132f4cc6cb73948866e45a49d00c\",\"name\":\"Pille\",\"image\":{\"@type\":\"ImageObject\",\"inLanguage\":\"en-GB\",\"@id\":\"https:\\\/\\\/secure.gravatar.com\\\/avatar\\\/a1f340dc2ebf81f2096a0877d74737095f76c997adcfbbdf7f2e0731bf6c7ca5?s=96&d=mm&r=g\",\"url\":\"https:\\\/\\\/secure.gravatar.com\\\/avatar\\\/a1f340dc2ebf81f2096a0877d74737095f76c997adcfbbdf7f2e0731bf6c7ca5?s=96&d=mm&r=g\",\"contentUrl\":\"https:\\\/\\\/secure.gravatar.com\\\/avatar\\\/a1f340dc2ebf81f2096a0877d74737095f76c997adcfbbdf7f2e0731bf6c7ca5?s=96&d=mm&r=g\",\"caption\":\"Pille\"},\"sameAs\":[\"https:\\\/\\\/matkaliit.ee\"],\"url\":\"https:\\\/\\\/www.matkaliit.ee\\\/en\\\/author\\\/pille\\\/\"}]}<\/script>\n<!-- \/ Yoast SEO plugin. -->","yoast_head_json":{"title":"Aasta matkategijad 2023 on ... - Eesti Matkaliit","robots":{"index":"index","follow":"follow","max-snippet":"max-snippet:-1","max-image-preview":"max-image-preview:large","max-video-preview":"max-video-preview:-1"},"canonical":"https:\/\/www.matkaliit.ee\/en\/aasta-matkategijad-2023-on\/","og_locale":"en_GB","og_type":"article","og_title":"Aasta matkategijad 2023 on ... - Eesti Matkaliit","og_description":"28. ja 29. oktoobril peeti Ida-Virumaal Kivi\u00f5li Seikluskeskuses \u00e4ra j\u00e4rjekordne Eesti matkajate kokkutulek ja kuulutati v\u00e4lja Aasta tegijad matkamaastikul. Aasta 2023 matkategijad on Aasta matkaja 2023 LIISI PREEDIN Lisaks muule inspireerivale, mida Liisi teeb Eestis, matkas ta jalgsi Uus-Meremaa p\u00f5hjasaare tipust l\u00f5unasaare tippu, Te Araroa matkarada, 3200 kilomeetrit. T\u00f5usumeetreid kogunes \u00fcle 80 000 ehk \u00fcheksaRead more...","og_url":"https:\/\/www.matkaliit.ee\/en\/aasta-matkategijad-2023-on\/","og_site_name":"Eesti Matkaliit","article_published_time":"2023-10-30T11:37:32+00:00","og_image":[{"width":940,"height":788,"url":"https:\/\/www.matkaliit.ee\/wp-content\/uploads\/2023\/10\/Aasta-matkategija-2023.png","type":"image\/png"}],"author":"Pille","twitter_card":"summary_large_image","twitter_misc":{"Written by":"Pille","Estimated reading time":"4 minutes"},"schema":{"@context":"https:\/\/schema.org","@graph":[{"@type":"Article","@id":"https:\/\/www.matkaliit.ee\/en\/aasta-matkategijad-2023-on\/#article","isPartOf":{"@id":"https:\/\/www.matkaliit.ee\/en\/aasta-matkategijad-2023-on\/"},"author":{"name":"Pille","@id":"https:\/\/www.matkaliit.ee\/#\/schema\/person\/ec3e132f4cc6cb73948866e45a49d00c"},"headline":"Aasta matkategijad 2023 on &#8230;","datePublished":"2023-10-30T11:37:32+00:00","mainEntityOfPage":{"@id":"https:\/\/www.matkaliit.ee\/en\/aasta-matkategijad-2023-on\/"},"wordCount":459,"commentCount":0,"publisher":{"@id":"https:\/\/www.matkaliit.ee\/#organization"},"image":{"@id":"https:\/\/www.matkaliit.ee\/en\/aasta-matkategijad-2023-on\/#primaryimage"},"thumbnailUrl":"https:\/\/www.matkaliit.ee\/wp-content\/uploads\/2023\/10\/Aasta-matkategija-2023.png","articleSection":["Aasta matkategijad","Eesti matkajate kokkutulek"],"inLanguage":"en-GB","potentialAction":[{"@type":"CommentAction","name":"Comment","target":["https:\/\/www.matkaliit.ee\/en\/aasta-matkategijad-2023-on\/#respond"]}]},{"@type":"WebPage","@id":"https:\/\/www.matkaliit.ee\/en\/aasta-matkategijad-2023-on\/","url":"https:\/\/www.matkaliit.ee\/en\/aasta-matkategijad-2023-on\/","name":"Aasta matkategijad 2023 on ... - Eesti Matkaliit","isPartOf":{"@id":"https:\/\/www.matkaliit.ee\/#website"},"primaryImageOfPage":{"@id":"https:\/\/www.matkaliit.ee\/en\/aasta-matkategijad-2023-on\/#primaryimage"},"image":{"@id":"https:\/\/www.matkaliit.ee\/en\/aasta-matkategijad-2023-on\/#primaryimage"},"thumbnailUrl":"https:\/\/www.matkaliit.ee\/wp-content\/uploads\/2023\/10\/Aasta-matkategija-2023.png","datePublished":"2023-10-30T11:37:32+00:00","breadcrumb":{"@id":"https:\/\/www.matkaliit.ee\/en\/aasta-matkategijad-2023-on\/#breadcrumb"},"inLanguage":"en-GB","potentialAction":[{"@type":"ReadAction","target":["https:\/\/www.matkaliit.ee\/en\/aasta-matkategijad-2023-on\/"]}]},{"@type":"ImageObject","inLanguage":"en-GB","@id":"https:\/\/www.matkaliit.ee\/en\/aasta-matkategijad-2023-on\/#primaryimage","url":"https:\/\/www.matkaliit.ee\/wp-content\/uploads\/2023\/10\/Aasta-matkategija-2023.png","contentUrl":"https:\/\/www.matkaliit.ee\/wp-content\/uploads\/2023\/10\/Aasta-matkategija-2023.png","width":940,"height":788},{"@type":"BreadcrumbList","@id":"https:\/\/www.matkaliit.ee\/en\/aasta-matkategijad-2023-on\/#breadcrumb","itemListElement":[{"@type":"ListItem","position":1,"name":"Home","item":"https:\/\/www.matkaliit.ee\/"},{"@type":"ListItem","position":2,"name":"Aasta matkategijad 2023 on &#8230;"}]},{"@type":"WebSite","@id":"https:\/\/www.matkaliit.ee\/#website","url":"https:\/\/www.matkaliit.ee\/","name":"Eesti Matkaliit","description":"","publisher":{"@id":"https:\/\/www.matkaliit.ee\/#organization"},"potentialAction":[{"@type":"SearchAction","target":{"@type":"EntryPoint","urlTemplate":"https:\/\/www.matkaliit.ee\/?s={search_term_string}"},"query-input":{"@type":"PropertyValueSpecification","valueRequired":true,"valueName":"search_term_string"}}],"inLanguage":"en-GB"},{"@type":"Organization","@id":"https:\/\/www.matkaliit.ee\/#organization","name":"Eesti Matkaliit","url":"https:\/\/www.matkaliit.ee\/","logo":{"@type":"ImageObject","inLanguage":"en-GB","@id":"https:\/\/www.matkaliit.ee\/#\/schema\/logo\/image\/","url":"https:\/\/www.matkaliit.ee\/wp-content\/uploads\/2021\/04\/logo-koodulehele-1.jpg","contentUrl":"https:\/\/www.matkaliit.ee\/wp-content\/uploads\/2021\/04\/logo-koodulehele-1.jpg","width":150,"height":137,"caption":"Eesti Matkaliit"},"image":{"@id":"https:\/\/www.matkaliit.ee\/#\/schema\/logo\/image\/"}},{"@type":"Person","@id":"https:\/\/www.matkaliit.ee\/#\/schema\/person\/ec3e132f4cc6cb73948866e45a49d00c","name":"Pille","image":{"@type":"ImageObject","inLanguage":"en-GB","@id":"https:\/\/secure.gravatar.com\/avatar\/a1f340dc2ebf81f2096a0877d74737095f76c997adcfbbdf7f2e0731bf6c7ca5?s=96&d=mm&r=g","url":"https:\/\/secure.gravatar.com\/avatar\/a1f340dc2ebf81f2096a0877d74737095f76c997adcfbbdf7f2e0731bf6c7ca5?s=96&d=mm&r=g","contentUrl":"https:\/\/secure.gravatar.com\/avatar\/a1f340dc2ebf81f2096a0877d74737095f76c997adcfbbdf7f2e0731bf6c7ca5?s=96&d=mm&r=g","caption":"Pille"},"sameAs":["https:\/\/matkaliit.ee"],"url":"https:\/\/www.matkaliit.ee\/en\/author\/pille\/"}]}},"_links":{"self":[{"href":"https:\/\/www.matkaliit.ee\/en\/wp-json\/wp\/v2\/posts\/701","targetHints":{"allow":["GET"]}}],"collection":[{"href":"https:\/\/www.matkaliit.ee\/en\/wp-json\/wp\/v2\/posts"}],"about":[{"href":"https:\/\/www.matkaliit.ee\/en\/wp-json\/wp\/v2\/types\/post"}],"author":[{"embeddable":true,"href":"https:\/\/www.matkaliit.ee\/en\/wp-json\/wp\/v2\/users\/1"}],"replies":[{"embeddable":true,"href":"https:\/\/www.matkaliit.ee\/en\/wp-json\/wp\/v2\/comments?post=701"}],"version-history":[{"count":1,"href":"https:\/\/www.matkaliit.ee\/en\/wp-json\/wp\/v2\/posts\/701\/revisions"}],"predecessor-version":[{"id":708,"href":"https:\/\/www.matkaliit.ee\/en\/wp-json\/wp\/v2\/posts\/701\/revisions\/708"}],"wp:featuredmedia":[{"embeddable":true,"href":"https:\/\/www.matkaliit.ee\/en\/wp-json\/wp\/v2\/media\/707"}],"wp:attachment":[{"href":"https:\/\/www.matkaliit.ee\/en\/wp-json\/wp\/v2\/media?parent=701"}],"wp:term":[{"taxonomy":"category","embeddable":true,"href":"https:\/\/www.matkaliit.ee\/en\/wp-json\/wp\/v2\/categories?post=701"},{"taxonomy":"post_tag","embeddable":true,"href":"https:\/\/www.matkaliit.ee\/en\/wp-json\/wp\/v2\/tags?post=701"}],"curies":[{"name":"wp","href":"https:\/\/api.w.org\/{rel}","templated":true}]}}